{"id":1735,"date":"2025-05-11T12:46:10","date_gmt":"2025-05-11T12:46:10","guid":{"rendered":"https:\/\/fundacionjera.com\/?p=1735"},"modified":"2025-05-11T12:55:00","modified_gmt":"2025-05-11T12:55:00","slug":"%f0%9f%8c%b8-el-amor-que-transforma-celebramos-a-las-madres-que-siembran-futuro-%f0%9f%8c%b8","status":"publish","type":"post","link":"https:\/\/fundacionjera.com\/en\/%f0%9f%8c%b8-el-amor-que-transforma-celebramos-a-las-madres-que-siembran-futuro-%f0%9f%8c%b8\/","title":{"rendered":"\ud83c\udf38 Love that transforms, We celebrate the mothers who sow the future \ud83c\udf38\u00a0"},"content":{"rendered":"<p class=\"wp-block-paragraph\">In the heart of every child we accompany, beats the strength, tenderness and dedication of a mother. On Mother's Day, the Foundation would like to pay special tribute to those brave women who, day after day, give their unconditional love and are the first educators of life.&nbsp;<\/p>\n\n\n\n<figure class=\"wp-block-gallery has-nested-images columns-default is-cropped wp-block-gallery-1 is-layout-flex wp-block-gallery-is-layout-flex\">\n<figure class=\"wp-block-image size-large\"><img fetchpriority=\"high\" decoding=\"async\" width=\"576\" height=\"1024\" data-id=\"1736\" src=\"https:\/\/fundacionjera.com\/wp-content\/uploads\/2025\/05\/WhatsApp-Image-2025-05-09-at-7.27.41-PM-576x1024.jpeg\" alt=\"\" class=\"wp-image-1736\" srcset=\"https:\/\/fundacionjera.com\/wp-content\/uploads\/2025\/05\/WhatsApp-Image-2025-05-09-at-7.27.41-PM-576x1024.jpeg 576w, https:\/\/fundacionjera.com\/wp-content\/uploads\/2025\/05\/WhatsApp-Image-2025-05-09-at-7.27.41-PM-169x300.jpeg 169w, https:\/\/fundacionjera.com\/wp-content\/uploads\/2025\/05\/WhatsApp-Image-2025-05-09-at-7.27.41-PM-7x12.jpeg 7w, https:\/\/fundacionjera.com\/wp-content\/uploads\/2025\/05\/WhatsApp-Image-2025-05-09-at-7.27.41-PM.jpeg 720w\" sizes=\"(max-width: 576px) 100vw, 576px\" \/><\/figure>\n\n\n\n<figure class=\"wp-block-image size-large\"><img decoding=\"async\" width=\"576\" height=\"1024\" data-id=\"1738\" src=\"https:\/\/fundacionjera.com\/wp-content\/uploads\/2025\/05\/WhatsApp-Image-2025-05-09-at-7.27.40-PM-5-576x1024.jpeg\" alt=\"\" class=\"wp-image-1738\" srcset=\"https:\/\/fundacionjera.com\/wp-content\/uploads\/2025\/05\/WhatsApp-Image-2025-05-09-at-7.27.40-PM-5-576x1024.jpeg 576w, https:\/\/fundacionjera.com\/wp-content\/uploads\/2025\/05\/WhatsApp-Image-2025-05-09-at-7.27.40-PM-5-169x300.jpeg 169w, https:\/\/fundacionjera.com\/wp-content\/uploads\/2025\/05\/WhatsApp-Image-2025-05-09-at-7.27.40-PM-5-7x12.jpeg 7w, https:\/\/fundacionjera.com\/wp-content\/uploads\/2025\/05\/WhatsApp-Image-2025-05-09-at-7.27.40-PM-5.jpeg 720w\" sizes=\"(max-width: 576px) 100vw, 576px\" \/><\/figure>\n\n\n\n<figure class=\"wp-block-image size-large\"><img decoding=\"async\" width=\"576\" height=\"1024\" data-id=\"1737\" src=\"https:\/\/fundacionjera.com\/wp-content\/uploads\/2025\/05\/WhatsApp-Image-2025-05-09-at-7.27.40-PM-4-576x1024.jpeg\" alt=\"\" class=\"wp-image-1737\" srcset=\"https:\/\/fundacionjera.com\/wp-content\/uploads\/2025\/05\/WhatsApp-Image-2025-05-09-at-7.27.40-PM-4-576x1024.jpeg 576w, https:\/\/fundacionjera.com\/wp-content\/uploads\/2025\/05\/WhatsApp-Image-2025-05-09-at-7.27.40-PM-4-169x300.jpeg 169w, https:\/\/fundacionjera.com\/wp-content\/uploads\/2025\/05\/WhatsApp-Image-2025-05-09-at-7.27.40-PM-4-7x12.jpeg 7w, https:\/\/fundacionjera.com\/wp-content\/uploads\/2025\/05\/WhatsApp-Image-2025-05-09-at-7.27.40-PM-4.jpeg 720w\" sizes=\"(max-width: 576px) 100vw, 576px\" \/><\/figure>\n<\/figure>\n\n\n\n<p class=\"wp-block-paragraph\">Mothers who fight, who teach, who dream...&nbsp;<br>Mothers who trust, who inspire, who care.&nbsp;<\/p>\n\n\n\n<p class=\"wp-block-paragraph\">Throughout these years, we have witnessed how the commitment of each mother has been a driving force for the development of their children, for the well-being of their families and for the transformation of their communities. Thanks to them, we have been able to build more loving, protective and hopeful environments.&nbsp;<\/p>\n\n\n\n<figure class=\"wp-block-gallery has-nested-images columns-default is-cropped wp-block-gallery-2 is-layout-flex wp-block-gallery-is-layout-flex\">\n<figure class=\"wp-block-image size-large\"><img loading=\"lazy\" decoding=\"async\" width=\"576\" height=\"1024\" data-id=\"1742\" src=\"https:\/\/fundacionjera.com\/wp-content\/uploads\/2025\/05\/WhatsApp-Image-2025-05-09-at-7.27.40-PM-3-576x1024.jpeg\" alt=\"\" class=\"wp-image-1742\" srcset=\"https:\/\/fundacionjera.com\/wp-content\/uploads\/2025\/05\/WhatsApp-Image-2025-05-09-at-7.27.40-PM-3-576x1024.jpeg 576w, https:\/\/fundacionjera.com\/wp-content\/uploads\/2025\/05\/WhatsApp-Image-2025-05-09-at-7.27.40-PM-3-169x300.jpeg 169w, https:\/\/fundacionjera.com\/wp-content\/uploads\/2025\/05\/WhatsApp-Image-2025-05-09-at-7.27.40-PM-3-7x12.jpeg 7w, https:\/\/fundacionjera.com\/wp-content\/uploads\/2025\/05\/WhatsApp-Image-2025-05-09-at-7.27.40-PM-3.jpeg 720w\" sizes=\"(max-width: 576px) 100vw, 576px\" \/><\/figure>\n\n\n\n<figure class=\"wp-block-image size-large\"><img loading=\"lazy\" decoding=\"async\" width=\"576\" height=\"1024\" data-id=\"1740\" src=\"https:\/\/fundacionjera.com\/wp-content\/uploads\/2025\/05\/WhatsApp-Image-2025-05-09-at-7.27.40-PM-2-576x1024.jpeg\" alt=\"\" class=\"wp-image-1740\" srcset=\"https:\/\/fundacionjera.com\/wp-content\/uploads\/2025\/05\/WhatsApp-Image-2025-05-09-at-7.27.40-PM-2-576x1024.jpeg 576w, https:\/\/fundacionjera.com\/wp-content\/uploads\/2025\/05\/WhatsApp-Image-2025-05-09-at-7.27.40-PM-2-169x300.jpeg 169w, https:\/\/fundacionjera.com\/wp-content\/uploads\/2025\/05\/WhatsApp-Image-2025-05-09-at-7.27.40-PM-2-7x12.jpeg 7w, https:\/\/fundacionjera.com\/wp-content\/uploads\/2025\/05\/WhatsApp-Image-2025-05-09-at-7.27.40-PM-2.jpeg 720w\" sizes=\"(max-width: 576px) 100vw, 576px\" \/><\/figure>\n\n\n\n<figure class=\"wp-block-image size-large\"><img loading=\"lazy\" decoding=\"async\" width=\"576\" height=\"1024\" data-id=\"1741\" src=\"https:\/\/fundacionjera.com\/wp-content\/uploads\/2025\/05\/WhatsApp-Image-2025-05-09-at-7.27.40-PM-1-576x1024.jpeg\" alt=\"\" class=\"wp-image-1741\" srcset=\"https:\/\/fundacionjera.com\/wp-content\/uploads\/2025\/05\/WhatsApp-Image-2025-05-09-at-7.27.40-PM-1-576x1024.jpeg 576w, https:\/\/fundacionjera.com\/wp-content\/uploads\/2025\/05\/WhatsApp-Image-2025-05-09-at-7.27.40-PM-1-169x300.jpeg 169w, https:\/\/fundacionjera.com\/wp-content\/uploads\/2025\/05\/WhatsApp-Image-2025-05-09-at-7.27.40-PM-1-7x12.jpeg 7w, https:\/\/fundacionjera.com\/wp-content\/uploads\/2025\/05\/WhatsApp-Image-2025-05-09-at-7.27.40-PM-1.jpeg 720w\" sizes=\"(max-width: 576px) 100vw, 576px\" \/><\/figure>\n<\/figure>\n\n\n\n<p class=\"wp-block-paragraph\">Today we want to tell you <strong>thank you<\/strong>.&nbsp;<br>Thank you for accompanying each process with courage.&nbsp;<br>Thank you for your trust in our mission.&nbsp;<br>Thank you for sowing, together with us, a better tomorrow. \ud83c\udf31&nbsp;<\/p>\n\n\n\n<p class=\"wp-block-paragraph\">On this special day, we celebrate you, embrace you from the depths of our purpose, and renew our commitment to continue walking hand in hand with you. Because when we care for those who care, we transform the world from the root. \ud83c\udf0d\ud83d\udc9c&nbsp;<\/p>\n\n\n\n<p class=\"wp-block-paragraph\"><strong>Happy Mother's Day!<\/strong>&nbsp;<\/p>\n\n\n\n<p class=\"wp-block-paragraph\"><\/p>","protected":false},"excerpt":{"rendered":"<p>En el coraz\u00f3n de cada ni\u00f1o y ni\u00f1a que acompa\u00f1amos, late la fuerza, la ternura y la dedicaci\u00f3n de una madre. En este D\u00eda de la Madre, desde la Fundaci\u00f3n queremos rendir un homenaje especial a esas mujeres valientes que, d\u00eda a d\u00eda, entregan su amor incondicional y son las primeras educadoras de la vida.&nbsp; [&hellip;]<\/p>\n","protected":false},"author":1,"featured_media":1740,"comment_status":"open","ping_status":"open","sticky":false,"template":"","format":"standard","meta":{"_acf_changed":false,"footnotes":""},"categories":[7],"tags":[39,33,34,41,35,38,42,37,40,36],"class_list":["post-1735","post","type-post","status-publish","format-standard","has-post-thumbnail","hentry","category-blog","tag-amor-de-madre","tag-dia-de-la-madre","tag-homenaje-a-las-madres","tag-infancia-y-maternidad","tag-madres-cuidadoras","tag-madres-en-fundaciones","tag-madres-transformadoras","tag-madres-y-educacion","tag-mujeres-que-inspiran","tag-ol-de-la-madre-en-la-infancia"],"acf":[],"_links":{"self":[{"href":"https:\/\/fundacionjera.com\/en\/wp-json\/wp\/v2\/posts\/1735","targetHints":{"allow":["GET"]}}],"collection":[{"href":"https:\/\/fundacionjera.com\/en\/wp-json\/wp\/v2\/posts"}],"about":[{"href":"https:\/\/fundacionjera.com\/en\/wp-json\/wp\/v2\/types\/post"}],"author":[{"embeddable":true,"href":"https:\/\/fundacionjera.com\/en\/wp-json\/wp\/v2\/users\/1"}],"replies":[{"embeddable":true,"href":"https:\/\/fundacionjera.com\/en\/wp-json\/wp\/v2\/comments?post=1735"}],"version-history":[{"count":0,"href":"https:\/\/fundacionjera.com\/en\/wp-json\/wp\/v2\/posts\/1735\/revisions"}],"wp:featuredmedia":[{"embeddable":true,"href":"https:\/\/fundacionjera.com\/en\/wp-json\/wp\/v2\/media\/1740"}],"wp:attachment":[{"href":"https:\/\/fundacionjera.com\/en\/wp-json\/wp\/v2\/media?parent=1735"}],"wp:term":[{"taxonomy":"category","embeddable":true,"href":"https:\/\/fundacionjera.com\/en\/wp-json\/wp\/v2\/categories?post=1735"},{"taxonomy":"post_tag","embeddable":true,"href":"https:\/\/fundacionjera.com\/en\/wp-json\/wp\/v2\/tags?post=1735"}],"curies":[{"name":"wp","href":"https:\/\/api.w.org\/{rel}","templated":true}]}}